{"id":26,"date":"2006-09-13T11:38:51","date_gmt":"2006-09-13T09:38:51","guid":{"rendered":"http:\/\/www.wuenschenswert.net\/wordpress\/?p=26"},"modified":"2007-04-29T18:25:54","modified_gmt":"2007-04-29T16:25:54","slug":"parallels-die-killer-applikation","status":"publish","type":"post","link":"http:\/\/www.wuenschenswert.net\/wunschdenken\/archives\/26","title":{"rendered":"Parallels, die Killer-Applikation"},"content":{"rendered":"<p><span style=\"float:right; width:173px; padding-left:10px\"><img decoding=\"async\" src=\"http:\/\/www.wuenschenswert.net\/wunschdenken\/wp-content\/uploads\/logo_top.gif\"><\/span><br \/>\nNun hab ich ja dieses MacBook Pro, und das hat einen Intel-Prozessor. Da w\u00fcrde man doch erwarten, Windows, Linux etc. in einer virtuellen Maschine parallel zu MacOSX laufen lassen zu k\u00f6nnen, so wie man&#8217;s von <a href=\"http:\/\/www.vmware.com\">VMWare<\/a> unter Windows und Linux gewohnt ist.  Und schneller, als <a href=\"http:\/\/www.microsoft.com\/mac\/products\/virtualpc\/virtualpc.aspx?pid=virtualpc\">Virtual PC<\/a> das bisher auf den PPC-Prozessoren hinbekam.  <\/p>\n<p>Nat\u00fcrlich ist es l\u00e4stig, zwei Betriebssysteme gleichzeitig administrieren zu m\u00fcssen. All die kleinen Produktivit\u00e4ts-Helferlein sind entweder im einen oder im anderen OS verf\u00fcgbar, selbst wenn es sie f\u00fcr beide Plattformen gibt, muss man die Daten irgendwie synchronisieren, und nat\u00fcrlich sind alle Sondertasten anders belegt. Meine avisierte L\u00f6sung: ich &#8220;lebe&#8221; im Hostsystem, MacOSX, und benutze das virtuelle nur f\u00fcr die Software, die es sonst partout nicht gibt.<\/p>\n<p><span style=\"float:left; width:200px; padding-right:10px\"><img decoding=\"async\" src=\"http:\/\/www.wuenschenswert.net\/wunschdenken\/wp-content\/uploads\/parallels.gif\"><\/span> Also habe ich mir vor etwa einem Monat eine Evaluations-Version von <a href=\"http:\/\/www.parallels.com\/en\/products\/desktop\/\">Parallels Desktop for Mac<\/a> runtergeladen. Windows-Installation in der VM l\u00e4uft sauber durch, Desktop erscheint, Internetzugriff l\u00e4uft, Shared Folders sind zugreifbar, Copy&#038;Paste tut auch was, sieht doch gut aus.<\/p>\n<p>Dann versuche ich die virtuelle Bildschirmaufl\u00f6sung zu \u00e4ndern, es macht klack, und mein Rechner bootet neu. Einige Neustarts sp\u00e4ter verfestigt sich der Eindruck, dass jedesmal, wenn Parallels die Bildschirm-Aufl\u00f6sung der Apple-Hardware \u00e4ndern will, ein harter Absturz f\u00e4llig ist. Die Fehlersuche macht auch nicht wirklich Spa\u00df (das kann doch nicht gut f\u00fcr das Dateisystem sein?).<\/p>\n<p>Ich versuche z.B., die virtuelle Maschine von vornherein genau auf die physikalische Bildschirmaufl\u00f6sung zu stellen. Nette Idee, nur leider hat das Parallels-Fenster (im nicht-Vollbild-Modus) keine Rollbalken, so dass die Status-Zeile am unteren Rand immer ausserhalb meines Desktop liegt. Weia.<\/p>\n<p>Der Support von Parallels antwortet nach einigen Versuchen sogar in ganzen S\u00e4tzen, kann mir inhaltlich aber auch nicht weiterhelfen.<\/p>\n<p>Jetzt hat Parallels ein Update herausgebracht (1884). Leider keine Verbesserung.<\/p>\n<p>Fazit: warten und hoffen auf <a href=\"http:\/\/www.vmware.com\/mac\">VMWare<\/a>. <\/p>\n<p><span style=\"float:right; width:64px; padding-left:10px\"><img decoding=\"async\" loading=\"lazy\" src=\"http:\/\/www.wuenschenswert.net\/wunschdenken\/wp-content\/uploads\/q_logo.png\" width=\"64\" height=\"64\"><\/span>[PS] Der (Open Source) CPU-Emulator <a href=\"http:\/\/www.kju-app.org\/kju\/\">Q<\/a> bzw. QEMU ist leider keine Option, solange der <a href=\"http:\/\/www.kju-app.org\/proj\/wiki\/KjuVirtualizer\">Virtualizer<\/a> nicht l\u00e4uft &#8211; so lange gibt es im emulierten Modus nur <a href=\"http:\/\/www.kju-app.org\/proj\/wiki\/KjuEmulationSpeed\">&#8220;the performance of about a 500Mhz PC&#8221;<\/a>.<\/p>\n<p>[UPDATE 2006-11-10] Nachdem ich 1. einen nicht-Apple-Speicherriegel herausgenommen und 2. Parallels Update 1970 runtergeladen und 3. laufend alle Apple-Software-Aktualisierungen eingespielt habe, scheinen die Mordgel\u00fcste von Parallels geb\u00e4ndigt. Investigation continues&#8230;<\/p>\n<p>[UPDATE 2006-12-04] W\u00e4re auch zu sch\u00f6n gewesen, um wahr zu sein.  Nachdem ich so bl\u00f6d war, das Produkt tats\u00e4chlich zu kaufen, zerhagelt es mir nun doch wieder den Rechner. Mehr dazu in einem aktuelleren Post&#8230;<\/p>\n","protected":false},"excerpt":{"rendered":"<p>Nun hab ich ja dieses MacBook Pro, und das hat einen Intel-Prozessor. Da w\u00fcrde man doch erwarten, Windows, Linux etc. in einer virtuellen Maschine parallel zu MacOSX laufen lassen zu k\u00f6nnen, so wie man&#8217;s von VMWare unter Windows und Linux gewohnt ist. Und schneller, als Virtual PC das bisher auf den PPC-Prozessoren hinbekam. Nat\u00fcrlich ist &hellip; <a href=\"http:\/\/www.wuenschenswert.net\/wunschdenken\/archives\/26\" class=\"more-link\">Continue reading<span class=\"screen-reader-text\"> &#8220;Parallels, die Killer-Applikation&#8221;<\/span><\/a><\/p>\n","protected":false},"author":1,"featured_media":0,"comment_status":"open","ping_status":"open","sticky":false,"template":"","format":"standard","meta":[],"categories":[2],"tags":[],"_links":{"self":[{"href":"http:\/\/www.wuenschenswert.net\/wunschdenken\/wp-json\/wp\/v2\/posts\/26"}],"collection":[{"href":"http:\/\/www.wuenschenswert.net\/wunschdenken\/wp-json\/wp\/v2\/posts"}],"about":[{"href":"http:\/\/www.wuenschenswert.net\/wunschdenken\/wp-json\/wp\/v2\/types\/post"}],"author":[{"embeddable":true,"href":"http:\/\/www.wuenschenswert.net\/wunschdenken\/wp-json\/wp\/v2\/users\/1"}],"replies":[{"embeddable":true,"href":"http:\/\/www.wuenschenswert.net\/wunschdenken\/wp-json\/wp\/v2\/comments?post=26"}],"version-history":[{"count":0,"href":"http:\/\/www.wuenschenswert.net\/wunschdenken\/wp-json\/wp\/v2\/posts\/26\/revisions"}],"wp:attachment":[{"href":"http:\/\/www.wuenschenswert.net\/wunschdenken\/wp-json\/wp\/v2\/media?parent=26"}],"wp:term":[{"taxonomy":"category","embeddable":true,"href":"http:\/\/www.wuenschenswert.net\/wunschdenken\/wp-json\/wp\/v2\/categories?post=26"},{"taxonomy":"post_tag","embeddable":true,"href":"http:\/\/www.wuenschenswert.net\/wunschdenken\/wp-json\/wp\/v2\/tags?post=26"}],"curies":[{"name":"wp","href":"https:\/\/api.w.org\/{rel}","templated":true}]}}